{"id":9246,"date":"2019-01-27T22:19:47","date_gmt":"2019-01-27T21:19:47","guid":{"rendered":"http:\/\/alpradio.com\/fr\/?p=9246"},"modified":"2019-01-27T22:19:47","modified_gmt":"2019-01-27T21:19:47","slug":"mice-minie-3","status":"publish","type":"post","link":"https:\/\/alpradio.com\/fr\/mice-minie-3\/","title":{"rendered":"MICE &#038; MINIE"},"content":{"rendered":"<p>Cr\u00e9\u00e9 sous l\u2019impulsion de la chanteuse Viviane Fehlmann, <strong>Mice and Minie<\/strong> a vu le jour en 2018, apr\u00e8s un passage en studio. Leur premier titre, \u00ab\u00a0Feel The Earth\u00a0\u00bb annonce la couleur funk du groupe, qui propose depuis une musique \u00e9nergique, teint\u00e9e de<br \/>\nsoul, de funk, d\u2019\u00e9lectro avec une l\u00e9g\u00e8re pointe de disco, et de jazz. Une musique bigarr\u00e9e qui porte les textes engag\u00e9s de la jeune chanteuse, dont la voix oscille constamment entre la chaleur de Joss Stone et l\u2019\u00e9nergie de Betty Davis.<\/p>\n<p>Mice and Minie r\u00e9unit en son sein, cinq musiciens d\u2019horizons diff\u00e9rents. La section rythmique, basse-batterie est assur\u00e9e par Guido Fregonara et Ramon Plaza, deux musiciens qui s\u2019accompagnent \u00e0 travers le monde, depuis leur pays d\u2019origine, le Chili. La partie harmonique est tenue par le jeune guitariste, Kilian Zompa, dont les influences rock 60\u2019s am\u00e8nent un c\u00f4t\u00e9 l\u00e9g\u00e8rement rugueux, adouci par les claviers \u00e0<br \/>\nconsonance jazz-funk du pianiste Cl\u00e9ment Strahm. Un tapis musical sur lequel les paroles et les m\u00e9lodies de Viviane Fehlmann viennent se poser, amenant ainsi le public \u00e0 une hyst\u00e9rie transcendantale, qui ne laisse personne de marbre.<\/p>\n<p>Un nouveau morceau \u00ab\u00a0Harm You\u00a0\u00bb entre en playlist d\u2019AlpRadio \ud83d\ude42<\/p>\n<p><a href=\"http:\/\/www.facebook.com\/miceandminie\/\">www.facebook.com\/miceandminie\/<\/a><\/p>\n","protected":false},"excerpt":{"rendered":"<p>Cr\u00e9\u00e9 sous l\u2019impulsion de la chanteuse Viviane Fehlmann, Mice and Minie a vu le jour en 2018, apr\u00e8s un passage en studio. Leur premier titre, \u00ab\u00a0Feel The Earth\u00a0\u00bb annonce la couleur funk du groupe, qui propose depuis une musique \u00e9nergique, teint\u00e9e de soul, de funk, d\u2019\u00e9lectro avec une l\u00e9g\u00e8re pointe de disco, et de jazz. Une musique bigarr\u00e9e qui porte les textes engag\u00e9s de la [&hellip;]<\/p>\n","protected":false},"author":2,"featured_media":9247,"comment_status":"open","ping_status":"closed","sticky":false,"template":"","format":"standard","meta":{"footnotes":""},"categories":[8],"tags":[],"class_list":["post-9246","post","type-post","status-publish","format-standard","has-post-thumbnail","hentry","category-entrees-en-playlist"],"_links":{"self":[{"href":"https:\/\/alpradio.com\/fr\/wp-json\/wp\/v2\/posts\/9246","targetHints":{"allow":["GET"]}}],"collection":[{"href":"https:\/\/alpradio.com\/fr\/wp-json\/wp\/v2\/posts"}],"about":[{"href":"https:\/\/alpradio.com\/fr\/wp-json\/wp\/v2\/types\/post"}],"author":[{"embeddable":true,"href":"https:\/\/alpradio.com\/fr\/wp-json\/wp\/v2\/users\/2"}],"replies":[{"embeddable":true,"href":"https:\/\/alpradio.com\/fr\/wp-json\/wp\/v2\/comments?post=9246"}],"version-history":[{"count":1,"href":"https:\/\/alpradio.com\/fr\/wp-json\/wp\/v2\/posts\/9246\/revisions"}],"predecessor-version":[{"id":9248,"href":"https:\/\/alpradio.com\/fr\/wp-json\/wp\/v2\/posts\/9246\/revisions\/9248"}],"wp:featuredmedia":[{"embeddable":true,"href":"https:\/\/alpradio.com\/fr\/wp-json\/wp\/v2\/media\/9247"}],"wp:attachment":[{"href":"https:\/\/alpradio.com\/fr\/wp-json\/wp\/v2\/media?parent=9246"}],"wp:term":[{"taxonomy":"category","embeddable":true,"href":"https:\/\/alpradio.com\/fr\/wp-json\/wp\/v2\/categories?post=9246"},{"taxonomy":"post_tag","embeddable":true,"href":"https:\/\/alpradio.com\/fr\/wp-json\/wp\/v2\/tags?post=9246"}],"curies":[{"name":"wp","href":"https:\/\/api.w.org\/{rel}","templated":true}]}}