{"id":9267,"date":"2019-02-03T22:43:45","date_gmt":"2019-02-03T21:43:45","guid":{"rendered":"http:\/\/alpradio.com\/fr\/?p=9267"},"modified":"2019-02-03T22:43:45","modified_gmt":"2019-02-03T21:43:45","slug":"alenko-2","status":"publish","type":"post","link":"https:\/\/alpradio.com\/fr\/alenko-2\/","title":{"rendered":"ALENKO"},"content":{"rendered":"<p>\u00e7a y est, le EP \u00ab\u00a0Lifting\u00a0\u00bb d\u2019<strong>Alenko\u00a0<\/strong> est l\u00e0\u00e0\u00e0\u00e0 \ud83d\ude42 en d\u00e9cembre 2018 on partageait avec vous l\u2019entr\u00e9e en playlist du single \u00ab\u00a0Lover Dose\u00a0\u00bb, aujourd\u2019hui c\u2019est le morceau \u00ab\u00a0Vu d\u2019en haut\u00a0\u00bb qui d\u00e9barque !<\/p>\n<p>Au diapason d&rsquo;une vie aux contours exacerb\u00e9s, faite de rencontres et de changements de cap, emplie de cette musique qui rythme ses jours et ses nuits sans discontinuer depuis toujours, Alenko se sert de la vie, la sienne et la n\u00f4tre, pour dessiner de sensibles petits tableaux en forme de chansons volages.\u2008Canal identifi\u00e9 d&rsquo;une cr\u00e9ation venue de nulle part, le traversant et se servant de sa voix pour s&rsquo;exprimer, Alenko ne cherche pas l&rsquo;essentiel dans les d\u00e9tails mais ouvre pour nous des horizons nouveaux, chapitres vierges o\u00f9 notre imaginaire s&rsquo;appuie sur ses mots pour coucher ses envies.<br \/>\nVu d&rsquo;en haut, l&rsquo;artiste, n&rsquo;aimant rien tant que les costumes de sc\u00e8ne hauts en couleur et ces chapeaux sous lesquels il peut cacher tout ce qu&rsquo;il veut montrer, peut passer pour un ph\u00e9nom\u00e8ne aux contours ind\u00e9finissables. Mais, pour peu que l&rsquo;on se rapproche en douceur, le voici qui se transforme en magicien des mots, se jouant des fronti\u00e8res musicales et terrestres pour mieux nous inviter au voyage, celui qu&rsquo;on fait seul dans son esprit ou que l&rsquo;on partage avec d&rsquo;autres lorsque se pr\u00e9sente l&rsquo;occasion.\u2008Re-cr\u00e9ateur de nos quotidiens, Alenko nous entra\u00eene dans son cin\u00e9ma personnel o\u00f9 chaque court-m\u00e9trage enchante nos sens, o\u00f9 chaque h\u00e9ro\u00efne ou h\u00e9ros nous ressemble comme deux gouttes d&rsquo;eau de ce Lac L\u00e9man o\u00f9 il aime tant aller plonger pour se ressourcer.<\/p>\n<p>Accompagn\u00e9 de son beatmaker human-beatbox et d&rsquo;un guitariste \u00e0 la redoutable efficacit\u00e9, il peut d\u00e8s lors laisser ses r\u00eaves prendre le pouvoir et guider ses doigts sur la page blanche de ses nuits effrit\u00e9es, explorant tour \u00e0 tour la chanson fran\u00e7aise, la soul, le rock, les sonorit\u00e9s urbaines et la pop, pour cr\u00e9er un ensemble coh\u00e9rent et hautement \u00e9nergisant.\u2008Loin de toute chapelle, Alenko trace sa route en toute libert\u00e9 et, les pieds sur terre mais la t\u00eate ailleurs, construit album apr\u00e8s album, un univers riche et flamboyant, synth\u00e8se id\u00e9ale de nos vies \u00e9clat\u00e9es.\u2008Et si la Suisse depuis longtemps a la r\u00e9putation d&rsquo;\u00eatre un pays calme et paisible, Alenko, \u00e9mouvant acrobate de la chanson, prouve de fort belle mani\u00e8re que ses artistes, eux, peuvent, entre humour d\u00e9cal\u00e9 et m\u00e9lodies fragiles, mettre un bon coup de swing dans notre quotidien&#8230;<\/p>\n<p><a href=\"http:\/\/www.alenko.ch\">www.alenko.ch<\/a> !<\/p>\n","protected":false},"excerpt":{"rendered":"<p>\u00e7a y est, le EP \u00ab\u00a0Lifting\u00a0\u00bb d\u2019Alenko\u00a0 est l\u00e0\u00e0\u00e0\u00e0 \ud83d\ude42 en d\u00e9cembre 2018 on partageait avec vous l\u2019entr\u00e9e en playlist du single \u00ab\u00a0Lover Dose\u00a0\u00bb, aujourd\u2019hui c\u2019est le morceau \u00ab\u00a0Vu d\u2019en haut\u00a0\u00bb qui d\u00e9barque ! Au diapason d&rsquo;une vie aux contours exacerb\u00e9s, faite de rencontres et de changements de cap, emplie de cette musique qui rythme ses jours et ses nuits sans discontinuer depuis toujours, Alenko [&hellip;]<\/p>\n","protected":false},"author":2,"featured_media":9268,"comment_status":"open","ping_status":"closed","sticky":false,"template":"","format":"standard","meta":{"footnotes":""},"categories":[8],"tags":[],"class_list":["post-9267","post","type-post","status-publish","format-standard","has-post-thumbnail","hentry","category-entrees-en-playlist"],"_links":{"self":[{"href":"https:\/\/alpradio.com\/fr\/wp-json\/wp\/v2\/posts\/9267","targetHints":{"allow":["GET"]}}],"collection":[{"href":"https:\/\/alpradio.com\/fr\/wp-json\/wp\/v2\/posts"}],"about":[{"href":"https:\/\/alpradio.com\/fr\/wp-json\/wp\/v2\/types\/post"}],"author":[{"embeddable":true,"href":"https:\/\/alpradio.com\/fr\/wp-json\/wp\/v2\/users\/2"}],"replies":[{"embeddable":true,"href":"https:\/\/alpradio.com\/fr\/wp-json\/wp\/v2\/comments?post=9267"}],"version-history":[{"count":1,"href":"https:\/\/alpradio.com\/fr\/wp-json\/wp\/v2\/posts\/9267\/revisions"}],"predecessor-version":[{"id":9269,"href":"https:\/\/alpradio.com\/fr\/wp-json\/wp\/v2\/posts\/9267\/revisions\/9269"}],"wp:featuredmedia":[{"embeddable":true,"href":"https:\/\/alpradio.com\/fr\/wp-json\/wp\/v2\/media\/9268"}],"wp:attachment":[{"href":"https:\/\/alpradio.com\/fr\/wp-json\/wp\/v2\/media?parent=9267"}],"wp:term":[{"taxonomy":"category","embeddable":true,"href":"https:\/\/alpradio.com\/fr\/wp-json\/wp\/v2\/categories?post=9267"},{"taxonomy":"post_tag","embeddable":true,"href":"https:\/\/alpradio.com\/fr\/wp-json\/wp\/v2\/tags?post=9267"}],"curies":[{"name":"wp","href":"https:\/\/api.w.org\/{rel}","templated":true}]}}