{"id":9284,"date":"2019-02-11T17:45:14","date_gmt":"2019-02-11T16:45:14","guid":{"rendered":"http:\/\/alpradio.com\/fr\/?p=9284"},"modified":"2019-02-11T17:45:14","modified_gmt":"2019-02-11T16:45:14","slug":"velvet-two-stripes","status":"publish","type":"post","link":"https:\/\/alpradio.com\/fr\/velvet-two-stripes\/","title":{"rendered":"VELVET TWO STRIPES"},"content":{"rendered":"<p>Sophie et Sara Diggelmann, deux s\u0153urs, font la connaissance de Franca Mock lors d\u2019un atelier musical \u00e0 Saint-Gall. Elles ont alors douze ans. Quinze ans ont pass\u00e9 depuis. Les trois jeunes femmes n\u2019ont jamais cess\u00e9 de faire de la musique ensemble. Elles ont trouv\u00e9 leur style dans un son garage rock cradingue quelque part entre The Cramps, The Kills et les Runaways.<\/p>\n<p>L\u2019album \u00ab\u00a0Devil Dance\u00a0\u00bb sort le 8 f\u00e9vrier. Les morceaux \u00ab\u00a0Chicago Sun\u00a0\u00bb, \u00ab\u00a0Devil Dance\u00a0\u00bb, \u00ab\u00a0Drinks\u00a0\u00bb, \u00ab\u00a0Karma\u00a0\u00bb, \u00ab\u00a0My Own Game\u00a0\u00bb, \u00ab\u00a0Sister Mercy\u00a0\u00bb et \u00ab\u00a0Somebody\u2019s Fool entrent en playlist d\u2019AlpRadio \ud83d\ude42<\/p>\n<p>\u00abL\u2019album tourne autour d\u2019un seul th\u00e8me\u00bb confie Sophie \u00abla qu\u00eate du mieux, d\u2019aller voir ailleurs et de vivre intens\u00e9ment les choses. L\u2019envie de voyager est quelque chose de profond\u00e9ment ancr\u00e9e dans la psych\u00e9 des Suisses. Rien d\u2019\u00e9tonnant, partout o\u00f9 l\u2019on regarde, une montagne se dresse \u00e0 l\u2019horizon.\u00bb<br \/>\nLe deuxi\u00e8me effort des Velvet Two Stripes a \u00e9t\u00e9 r\u00e9alis\u00e9 avec le concours de Tim Tautorat (Herbert Gr\u00f6nemeyer, the Kooks, Faber, AnnenMayKantereit) au l\u00e9gendaire Hansa-Studio \u00e0 Berlin. Au programme: dix jours bien remplis de rock du matin au soir et du soir au matin. Le groupe \u00e9tait log\u00e9 dans un appartement situ\u00e9 dans le m\u00eame immeuble o\u00f9 David Bowie a enregistr\u00e9 \u00abHeroes\u00bb. Les Velvet Two Stripes font un pas de g\u00e9ant avec \u00abDevil Dance\u00bb. M\u00eame si le son est plus rock \u2013 \u00abplus de rock et de riffs\u00bb \u00e0 l\u2019image des Rival Sons avec qui Sara, Sophie et Franca ont d\u00e9j\u00e0 partag\u00e9 la sc\u00e8ne \u2013 les morceaux sont devenus plus m\u00e9lodieux et les arrangements plus riches qu\u2019avant.<\/p>\n<p><a href=\"http:\/\/www.velvettwostripes.com\">www.velvettwostripes.com<\/a><\/p>\n","protected":false},"excerpt":{"rendered":"<p>Sophie et Sara Diggelmann, deux s\u0153urs, font la connaissance de Franca Mock lors d\u2019un atelier musical \u00e0 Saint-Gall. Elles ont alors douze ans. Quinze ans ont pass\u00e9 depuis. Les trois jeunes femmes n\u2019ont jamais cess\u00e9 de faire de la musique ensemble. Elles ont trouv\u00e9 leur style dans un son garage rock cradingue quelque part entre The Cramps, The Kills et les Runaways. L\u2019album \u00ab\u00a0Devil Dance\u00a0\u00bb [&hellip;]<\/p>\n","protected":false},"author":2,"featured_media":9285,"comment_status":"open","ping_status":"closed","sticky":false,"template":"","format":"standard","meta":{"footnotes":""},"categories":[8],"tags":[],"class_list":["post-9284","post","type-post","status-publish","format-standard","has-post-thumbnail","hentry","category-entrees-en-playlist"],"_links":{"self":[{"href":"https:\/\/alpradio.com\/fr\/wp-json\/wp\/v2\/posts\/9284","targetHints":{"allow":["GET"]}}],"collection":[{"href":"https:\/\/alpradio.com\/fr\/wp-json\/wp\/v2\/posts"}],"about":[{"href":"https:\/\/alpradio.com\/fr\/wp-json\/wp\/v2\/types\/post"}],"author":[{"embeddable":true,"href":"https:\/\/alpradio.com\/fr\/wp-json\/wp\/v2\/users\/2"}],"replies":[{"embeddable":true,"href":"https:\/\/alpradio.com\/fr\/wp-json\/wp\/v2\/comments?post=9284"}],"version-history":[{"count":1,"href":"https:\/\/alpradio.com\/fr\/wp-json\/wp\/v2\/posts\/9284\/revisions"}],"predecessor-version":[{"id":9286,"href":"https:\/\/alpradio.com\/fr\/wp-json\/wp\/v2\/posts\/9284\/revisions\/9286"}],"wp:featuredmedia":[{"embeddable":true,"href":"https:\/\/alpradio.com\/fr\/wp-json\/wp\/v2\/media\/9285"}],"wp:attachment":[{"href":"https:\/\/alpradio.com\/fr\/wp-json\/wp\/v2\/media?parent=9284"}],"wp:term":[{"taxonomy":"category","embeddable":true,"href":"https:\/\/alpradio.com\/fr\/wp-json\/wp\/v2\/categories?post=9284"},{"taxonomy":"post_tag","embeddable":true,"href":"https:\/\/alpradio.com\/fr\/wp-json\/wp\/v2\/tags?post=9284"}],"curies":[{"name":"wp","href":"https:\/\/api.w.org\/{rel}","templated":true}]}}