{"id":9287,"date":"2019-02-11T17:48:12","date_gmt":"2019-02-11T16:48:12","guid":{"rendered":"http:\/\/alpradio.com\/fr\/?p=9287"},"modified":"2019-02-11T18:00:48","modified_gmt":"2019-02-11T17:00:48","slug":"am-samstag","status":"publish","type":"post","link":"https:\/\/alpradio.com\/fr\/am-samstag\/","title":{"rendered":"AM SAMSTAG"},"content":{"rendered":"<p><strong>Am Samstag<\/strong> est un groupe suisse de power rock form\u00e9 en juillet 2018 \u00e0 Lausanne. Influenc\u00e9e par les groupes qui ont donn\u00e9 naissance au mouvement grunge \u00e0 la fin des ann\u00e9es 80 et au d\u00e9but des ann\u00e9es 90, la musique du groupe est compos\u00e9e de voix bris\u00e9es, de guitares agressives, de basses boueuses et de percussions puissantes.<\/p>\n<p>Enregistr\u00e9 en direct au Relief Studio de Fribourg par Sergio Gaultier et Dominique Poin\u00e7ot, le premier EP \u00abOne\u00bb de Samstag a \u00e9t\u00e9 produit et mix\u00e9 par Jack Endino (Nirvana, Soundgarden, Mudhoney, Babes in Toyland, L7, etc.).<\/p>\n<p>\u00ab\u00a0Meatballs\u00a0\u00bb et \u00ab\u00a0You Make Me Feel\u00a0\u00bb entrent en playlist \ud83d\ude42<\/p>\n<p><a href=\"https:\/\/www.facebook.com\/amsamstagofficial\/\">www.facebook.com\/amsamstagofficial<\/a><\/p>\n","protected":false},"excerpt":{"rendered":"<p>Am Samstag est un groupe suisse de power rock form\u00e9 en juillet 2018 \u00e0 Lausanne. Influenc\u00e9e par les groupes qui ont donn\u00e9 naissance au mouvement grunge \u00e0 la fin des ann\u00e9es 80 et au d\u00e9but des ann\u00e9es 90, la musique du groupe est compos\u00e9e de voix bris\u00e9es, de guitares agressives, de basses boueuses et de percussions puissantes. Enregistr\u00e9 en direct au Relief Studio de Fribourg [&hellip;]<\/p>\n","protected":false},"author":2,"featured_media":9291,"comment_status":"open","ping_status":"closed","sticky":false,"template":"","format":"standard","meta":{"footnotes":""},"categories":[8],"tags":[],"class_list":["post-9287","post","type-post","status-publish","format-standard","has-post-thumbnail","hentry","category-entrees-en-playlist"],"_links":{"self":[{"href":"https:\/\/alpradio.com\/fr\/wp-json\/wp\/v2\/posts\/9287","targetHints":{"allow":["GET"]}}],"collection":[{"href":"https:\/\/alpradio.com\/fr\/wp-json\/wp\/v2\/posts"}],"about":[{"href":"https:\/\/alpradio.com\/fr\/wp-json\/wp\/v2\/types\/post"}],"author":[{"embeddable":true,"href":"https:\/\/alpradio.com\/fr\/wp-json\/wp\/v2\/users\/2"}],"replies":[{"embeddable":true,"href":"https:\/\/alpradio.com\/fr\/wp-json\/wp\/v2\/comments?post=9287"}],"version-history":[{"count":4,"href":"https:\/\/alpradio.com\/fr\/wp-json\/wp\/v2\/posts\/9287\/revisions"}],"predecessor-version":[{"id":9296,"href":"https:\/\/alpradio.com\/fr\/wp-json\/wp\/v2\/posts\/9287\/revisions\/9296"}],"wp:featuredmedia":[{"embeddable":true,"href":"https:\/\/alpradio.com\/fr\/wp-json\/wp\/v2\/media\/9291"}],"wp:attachment":[{"href":"https:\/\/alpradio.com\/fr\/wp-json\/wp\/v2\/media?parent=9287"}],"wp:term":[{"taxonomy":"category","embeddable":true,"href":"https:\/\/alpradio.com\/fr\/wp-json\/wp\/v2\/categories?post=9287"},{"taxonomy":"post_tag","embeddable":true,"href":"https:\/\/alpradio.com\/fr\/wp-json\/wp\/v2\/tags?post=9287"}],"curies":[{"name":"wp","href":"https:\/\/api.w.org\/{rel}","templated":true}]}}