{"id":9300,"date":"2019-02-26T22:55:34","date_gmt":"2019-02-26T21:55:34","guid":{"rendered":"http:\/\/alpradio.com\/fr\/?p=9300"},"modified":"2019-02-26T22:55:34","modified_gmt":"2019-02-26T21:55:34","slug":"claudia-balla-2","status":"publish","type":"post","link":"https:\/\/alpradio.com\/fr\/claudia-balla-2\/","title":{"rendered":"CLAUDIA BALLA"},"content":{"rendered":"<p>La chanteuse-compositrice-interpr\u00e8te <strong>Claudia Balla<\/strong>, a touch\u00e9 le c\u0153ur de beaucoup de monde avec son single Perfect. La chanson qui suscite la r\u00e9flexion traite puissamment du statut social mondial actuel des femmes et des d\u00e9fis qu&rsquo;elles doivent surmonter. La production combine des \u00e9l\u00e9ments sombres et harmoniques avec un rythme entra\u00eenant et une production pop contemporaine. Ce nouvel univers contraste avec son premier album, \u00abEnough\u00bb, qui associe des m\u00e9lodies douces et \u00e9pur\u00e9es \u00e0 de puissantes ballades au piano. Quoi qu\u2019il en soit, sa voix claire et les m\u00e9lodies fortes et douces am\u00e8res captiveront \u00e0 coup s\u00fbr l\u2019auditeur.<\/p>\n<p>Le morceau \u00ab\u00a0Beauty And The Beast\u00a0\u00bb du nouvel album \u00ab\u00a0Fire\u00a0\u00bb entre en playlist !<\/p>\n<p><a href=\"http:\/\/www.claudiaballa.com\">www.claudiaballa.com<\/a><\/p>\n","protected":false},"excerpt":{"rendered":"<p>La chanteuse-compositrice-interpr\u00e8te Claudia Balla, a touch\u00e9 le c\u0153ur de beaucoup de monde avec son single Perfect. La chanson qui suscite la r\u00e9flexion traite puissamment du statut social mondial actuel des femmes et des d\u00e9fis qu&rsquo;elles doivent surmonter. La production combine des \u00e9l\u00e9ments sombres et harmoniques avec un rythme entra\u00eenant et une production pop contemporaine. Ce nouvel univers contraste avec son premier album, \u00abEnough\u00bb, qui associe [&hellip;]<\/p>\n","protected":false},"author":2,"featured_media":9301,"comment_status":"open","ping_status":"closed","sticky":false,"template":"","format":"standard","meta":{"footnotes":""},"categories":[8],"tags":[],"class_list":["post-9300","post","type-post","status-publish","format-standard","has-post-thumbnail","hentry","category-entrees-en-playlist"],"_links":{"self":[{"href":"https:\/\/alpradio.com\/fr\/wp-json\/wp\/v2\/posts\/9300","targetHints":{"allow":["GET"]}}],"collection":[{"href":"https:\/\/alpradio.com\/fr\/wp-json\/wp\/v2\/posts"}],"about":[{"href":"https:\/\/alpradio.com\/fr\/wp-json\/wp\/v2\/types\/post"}],"author":[{"embeddable":true,"href":"https:\/\/alpradio.com\/fr\/wp-json\/wp\/v2\/users\/2"}],"replies":[{"embeddable":true,"href":"https:\/\/alpradio.com\/fr\/wp-json\/wp\/v2\/comments?post=9300"}],"version-history":[{"count":1,"href":"https:\/\/alpradio.com\/fr\/wp-json\/wp\/v2\/posts\/9300\/revisions"}],"predecessor-version":[{"id":9302,"href":"https:\/\/alpradio.com\/fr\/wp-json\/wp\/v2\/posts\/9300\/revisions\/9302"}],"wp:featuredmedia":[{"embeddable":true,"href":"https:\/\/alpradio.com\/fr\/wp-json\/wp\/v2\/media\/9301"}],"wp:attachment":[{"href":"https:\/\/alpradio.com\/fr\/wp-json\/wp\/v2\/media?parent=9300"}],"wp:term":[{"taxonomy":"category","embeddable":true,"href":"https:\/\/alpradio.com\/fr\/wp-json\/wp\/v2\/categories?post=9300"},{"taxonomy":"post_tag","embeddable":true,"href":"https:\/\/alpradio.com\/fr\/wp-json\/wp\/v2\/tags?post=9300"}],"curies":[{"name":"wp","href":"https:\/\/api.w.org\/{rel}","templated":true}]}}