{"id":9317,"date":"2019-03-06T22:51:09","date_gmt":"2019-03-06T21:51:09","guid":{"rendered":"http:\/\/alpradio.com\/fr\/?p=9317"},"modified":"2019-03-06T22:51:09","modified_gmt":"2019-03-06T21:51:09","slug":"sonic-rade-2","status":"publish","type":"post","link":"https:\/\/alpradio.com\/fr\/sonic-rade-2\/","title":{"rendered":"SONIC RADE"},"content":{"rendered":"<p>Form\u00e9 en 2010 \u00e0 Gen\u00e8ve sur les bords du lac L\u00e9man, <strong>Sonic Rade<\/strong> est compos\u00e9 de Ricardo Ryan, qu\u00e9b\u00e9cois d\u2019origine, au chant et \u00e0 la guitare et de deux genevois, Christian Fonjallaz \u00e0 la basse et Christophe Grand \u00e0 la batterie.Inspir\u00e9 par le parcours musical de chacun, le trio d\u00e9roule un pop-rock aux couleurs british avec une touche de m\u00e9lancolie. La guitare et la section rythmique tissent un son original sur lequel se m\u00ealent les paroles inspir\u00e9es et g\u00e9n\u00e9reuses du chanteur. Comme ses 2 pr\u00e9c\u00e9dents albums sortis en 2013 et 2016, Sonic Rade sort en janvier 2019 son 3\u00e8me disque sur le label italien ind\u00e9pendant VDM Records, label qui avait men\u00e9 leur pr\u00e9c\u00e9dent album \u2018Sideways\u2019 jusqu\u2019au premier tour des 59\u2019s Grammy Awards.Le vernissage de ce dernier album a eu lieu le 31 janvier au Moulin Rouge \u00e0 Gen\u00e8ve.<\/p>\n<p>Les morceaux \u00ab\u00a0Black Cloud\u00a0\u00bb, \u00ab\u00a0In the deep\u00a0\u00bb et \u00ab\u00a0Queen oh hearts\u00a0\u00bb entrent en playlist d\u2019AlpRadio !<\/p>\n<p><a href=\"http:\/\/www.sonic-rade.ch\">www.sonic-rade.ch<\/a><\/p>\n","protected":false},"excerpt":{"rendered":"<p>Form\u00e9 en 2010 \u00e0 Gen\u00e8ve sur les bords du lac L\u00e9man, Sonic Rade est compos\u00e9 de Ricardo Ryan, qu\u00e9b\u00e9cois d\u2019origine, au chant et \u00e0 la guitare et de deux genevois, Christian Fonjallaz \u00e0 la basse et Christophe Grand \u00e0 la batterie.Inspir\u00e9 par le parcours musical de chacun, le trio d\u00e9roule un pop-rock aux couleurs british avec une touche de m\u00e9lancolie. La guitare et la section [&hellip;]<\/p>\n","protected":false},"author":2,"featured_media":9318,"comment_status":"open","ping_status":"closed","sticky":false,"template":"","format":"standard","meta":{"footnotes":""},"categories":[8],"tags":[],"class_list":["post-9317","post","type-post","status-publish","format-standard","has-post-thumbnail","hentry","category-entrees-en-playlist"],"_links":{"self":[{"href":"https:\/\/alpradio.com\/fr\/wp-json\/wp\/v2\/posts\/9317","targetHints":{"allow":["GET"]}}],"collection":[{"href":"https:\/\/alpradio.com\/fr\/wp-json\/wp\/v2\/posts"}],"about":[{"href":"https:\/\/alpradio.com\/fr\/wp-json\/wp\/v2\/types\/post"}],"author":[{"embeddable":true,"href":"https:\/\/alpradio.com\/fr\/wp-json\/wp\/v2\/users\/2"}],"replies":[{"embeddable":true,"href":"https:\/\/alpradio.com\/fr\/wp-json\/wp\/v2\/comments?post=9317"}],"version-history":[{"count":1,"href":"https:\/\/alpradio.com\/fr\/wp-json\/wp\/v2\/posts\/9317\/revisions"}],"predecessor-version":[{"id":9319,"href":"https:\/\/alpradio.com\/fr\/wp-json\/wp\/v2\/posts\/9317\/revisions\/9319"}],"wp:featuredmedia":[{"embeddable":true,"href":"https:\/\/alpradio.com\/fr\/wp-json\/wp\/v2\/media\/9318"}],"wp:attachment":[{"href":"https:\/\/alpradio.com\/fr\/wp-json\/wp\/v2\/media?parent=9317"}],"wp:term":[{"taxonomy":"category","embeddable":true,"href":"https:\/\/alpradio.com\/fr\/wp-json\/wp\/v2\/categories?post=9317"},{"taxonomy":"post_tag","embeddable":true,"href":"https:\/\/alpradio.com\/fr\/wp-json\/wp\/v2\/tags?post=9317"}],"curies":[{"name":"wp","href":"https:\/\/api.w.org\/{rel}","templated":true}]}}