{"id":9320,"date":"2019-03-06T22:53:28","date_gmt":"2019-03-06T21:53:28","guid":{"rendered":"http:\/\/alpradio.com\/fr\/?p=9320"},"modified":"2019-03-06T22:58:45","modified_gmt":"2019-03-06T21:58:45","slug":"the-universe-by-ear","status":"publish","type":"post","link":"https:\/\/alpradio.com\/fr\/the-universe-by-ear\/","title":{"rendered":"THE UNIVERSE BY EAR"},"content":{"rendered":"<p>Le groupe est compos\u00e9 de trois musiciens, a fait une tourn\u00e9e en Allemagne, a jou\u00e9 dans un grand festival en Italie et a remport\u00e9 \u00e0 deux reprises le cr\u00e9dit de regio-sound \u00e0 B\u00e2le \/ Suisse. Mais surtout, Universe By Ear a perfectionn\u00e9 son blues c\u00e9r\u00e9bral psych\u00e9d\u00e9lique et \u00e9crit et enregistr\u00e9 une douzaine de nouvelles chansons.<\/p>\n<p>Nous avons le plaisir d\u2019accueillir \u00ab\u00a0Bad Boy Boogie\u00a0\u00bb, \u00ab\u00a0Been Here Before\u00a0\u00bb et \u00ab\u00a0Temperamental Apathy\u00a0\u00bb issus nouvel album, sur nos ondes !<\/p>\n<p><a href=\"http:\/\/www.theuniversebyear.com\">www.theuniversebyear.com<\/a><\/p>\n","protected":false},"excerpt":{"rendered":"<p>Le groupe est compos\u00e9 de trois musiciens, a fait une tourn\u00e9e en Allemagne, a jou\u00e9 dans un grand festival en Italie et a remport\u00e9 \u00e0 deux reprises le cr\u00e9dit de regio-sound \u00e0 B\u00e2le \/ Suisse. Mais surtout, Universe By Ear a perfectionn\u00e9 son blues c\u00e9r\u00e9bral psych\u00e9d\u00e9lique et \u00e9crit et enregistr\u00e9 une douzaine de nouvelles chansons. Nous avons le plaisir d\u2019accueillir \u00ab\u00a0Bad Boy Boogie\u00a0\u00bb, \u00ab\u00a0Been Here [&hellip;]<\/p>\n","protected":false},"author":2,"featured_media":9321,"comment_status":"open","ping_status":"closed","sticky":false,"template":"","format":"standard","meta":{"footnotes":""},"categories":[8],"tags":[],"class_list":["post-9320","post","type-post","status-publish","format-standard","has-post-thumbnail","hentry","category-entrees-en-playlist"],"_links":{"self":[{"href":"https:\/\/alpradio.com\/fr\/wp-json\/wp\/v2\/posts\/9320","targetHints":{"allow":["GET"]}}],"collection":[{"href":"https:\/\/alpradio.com\/fr\/wp-json\/wp\/v2\/posts"}],"about":[{"href":"https:\/\/alpradio.com\/fr\/wp-json\/wp\/v2\/types\/post"}],"author":[{"embeddable":true,"href":"https:\/\/alpradio.com\/fr\/wp-json\/wp\/v2\/users\/2"}],"replies":[{"embeddable":true,"href":"https:\/\/alpradio.com\/fr\/wp-json\/wp\/v2\/comments?post=9320"}],"version-history":[{"count":2,"href":"https:\/\/alpradio.com\/fr\/wp-json\/wp\/v2\/posts\/9320\/revisions"}],"predecessor-version":[{"id":9323,"href":"https:\/\/alpradio.com\/fr\/wp-json\/wp\/v2\/posts\/9320\/revisions\/9323"}],"wp:featuredmedia":[{"embeddable":true,"href":"https:\/\/alpradio.com\/fr\/wp-json\/wp\/v2\/media\/9321"}],"wp:attachment":[{"href":"https:\/\/alpradio.com\/fr\/wp-json\/wp\/v2\/media?parent=9320"}],"wp:term":[{"taxonomy":"category","embeddable":true,"href":"https:\/\/alpradio.com\/fr\/wp-json\/wp\/v2\/categories?post=9320"},{"taxonomy":"post_tag","embeddable":true,"href":"https:\/\/alpradio.com\/fr\/wp-json\/wp\/v2\/tags?post=9320"}],"curies":[{"name":"wp","href":"https:\/\/api.w.org\/{rel}","templated":true}]}}