{"id":9325,"date":"2019-03-18T01:00:06","date_gmt":"2019-03-18T00:00:06","guid":{"rendered":"http:\/\/alpradio.com\/fr\/?p=9325"},"modified":"2019-03-17T22:03:20","modified_gmt":"2019-03-17T21:03:20","slug":"une-page-se-tourne","status":"publish","type":"post","link":"https:\/\/alpradio.com\/fr\/une-page-se-tourne\/","title":{"rendered":"Une page se tourne&#8230;"},"content":{"rendered":"<p>Une page se tourne dans l&rsquo;histoire d&rsquo;AlpRadio. Apr\u00e8s des mois de remise en question, nous avons d\u00e9cid\u00e9 de revenir \u00e0 une formule enti\u00e8rement bas\u00e9e sur la diffusion de musique.<\/p>\n<p>Nous ne nous arr\u00eatons pas l\u00e0 pour autant. Nous ouvrons aujourd&rsquo;hui un nouveau webzine d\u00e9di\u00e9 \u00e0 la sc\u00e8ne et \u00e0 la culture suisse : L&rsquo;<a id=\"js_5f\" class=\"profileLink\" href=\"https:\/\/www.facebook.com\/ecoutologue\/?__tn__=K-R&amp;eid=ARBNvX1YDF_GBJdDCz3d8sXyMaUVbmf5G1_rHOFxt9eWsokfsghAWUaYbRXuAuBtI3zSVf6hQH7hxnHM&amp;fref=mentions&amp;__xts__%5B0%5D=68.ARANtj4yNzWdlYTxre4By2GcJBgYKkLYH-7Q6EfUZ8BTi2lklGcTS0EOCvLCsTZBlbXDKr8tX8scCtE2BOqtJb3ZQt47LxMJXhyP2aEAt-vWkrKZQfWidSEz3LwQxLwe5AWNQ9mgYb5NQco7a73OSP5xa_tuZ8ZKPFALlOxAyBVQA_3kYyh_RXAilvfFeuBYM-I7xVnXEzo62lS5DmAuivVjnJMwn4ZHnUMiVCfTDKWICbTCVVufSaAb5sC1DCrLxaDmNssigb9tRtN9gcHaV72zAGvquWt6ggxwtAejzxUlmec8Hn60oXEFAd8VQ9rOwmHzFA\" data-hovercard=\"\/ajax\/hovercard\/page.php?id=535849220154931&amp;extragetparams=%7B%22__tn__%22%3A%22%2CdK-R-R%22%2C%22eid%22%3A%22ARBNvX1YDF_GBJdDCz3d8sXyMaUVbmf5G1_rHOFxt9eWsokfsghAWUaYbRXuAuBtI3zSVf6hQH7hxnHM%22%2C%22fref%22%3A%22mentions%22%7D\" data-hovercard-prefer-more-content-show=\"1\" aria-describedby=\"u_l_1\" aria-owns=\"\">\u00c9coutologue<\/a>\u200b ! Likez notre Page pour nous suivre dans nos nouvelles aventures.<\/p>\n<p>Vous y trouverez les derni\u00e8res actualit\u00e9s, des podcasts d&rsquo;interviews, des showcases, des vid\u00e9os et aussi des morceaux exclusifs d&rsquo;artistes ! Nous proposons aussi des reviews de nouveaux albums et de concerts.<\/p>\n<p>L&rsquo;\u00e9pop\u00e9e AlpRadio continue donc diff\u00e9remment : Nous diffuserons sur nos ondes uniquement de la musique d&rsquo;artistes suisses 24h \/ 24, sans \u00e9missions, showcases ou interviews.<\/p>\n<p>Merci de nous suivre depuis ces longues ann\u00e9es.<br \/>\nOn vous aime <span class=\"_47e3 _5mfr\" title=\"\u00e9motic\u00f4ne heart\"><img loading=\"lazy\" decoding=\"async\" class=\"img\" role=\"presentation\" src=\"https:\/\/static.xx.fbcdn.net\/images\/emoji.php\/v9\/t6c\/1\/16\/2764.png\" alt=\"\" width=\"16\" height=\"16\" \/><\/span><\/p>\n","protected":false},"excerpt":{"rendered":"<p>Une page se tourne dans l&rsquo;histoire d&rsquo;AlpRadio. Apr\u00e8s des mois de remise en question, nous avons d\u00e9cid\u00e9 de revenir \u00e0 une formule enti\u00e8rement bas\u00e9e sur la diffusion de musique. Nous ne nous arr\u00eatons pas l\u00e0 pour autant. Nous ouvrons aujourd&rsquo;hui un nouveau webzine d\u00e9di\u00e9 \u00e0 la sc\u00e8ne et \u00e0 la culture suisse : L&rsquo;\u00c9coutologue\u200b ! Likez notre Page pour nous suivre dans nos nouvelles aventures. [&hellip;]<\/p>\n","protected":false},"author":2,"featured_media":9326,"comment_status":"open","ping_status":"closed","sticky":false,"template":"","format":"standard","meta":{"footnotes":""},"categories":[3],"tags":[],"class_list":["post-9325","post","type-post","status-publish","format-standard","has-post-thumbnail","hentry","category-quoi-de-neuf"],"_links":{"self":[{"href":"https:\/\/alpradio.com\/fr\/wp-json\/wp\/v2\/posts\/9325","targetHints":{"allow":["GET"]}}],"collection":[{"href":"https:\/\/alpradio.com\/fr\/wp-json\/wp\/v2\/posts"}],"about":[{"href":"https:\/\/alpradio.com\/fr\/wp-json\/wp\/v2\/types\/post"}],"author":[{"embeddable":true,"href":"https:\/\/alpradio.com\/fr\/wp-json\/wp\/v2\/users\/2"}],"replies":[{"embeddable":true,"href":"https:\/\/alpradio.com\/fr\/wp-json\/wp\/v2\/comments?post=9325"}],"version-history":[{"count":1,"href":"https:\/\/alpradio.com\/fr\/wp-json\/wp\/v2\/posts\/9325\/revisions"}],"predecessor-version":[{"id":9327,"href":"https:\/\/alpradio.com\/fr\/wp-json\/wp\/v2\/posts\/9325\/revisions\/9327"}],"wp:featuredmedia":[{"embeddable":true,"href":"https:\/\/alpradio.com\/fr\/wp-json\/wp\/v2\/media\/9326"}],"wp:attachment":[{"href":"https:\/\/alpradio.com\/fr\/wp-json\/wp\/v2\/media?parent=9325"}],"wp:term":[{"taxonomy":"category","embeddable":true,"href":"https:\/\/alpradio.com\/fr\/wp-json\/wp\/v2\/categories?post=9325"},{"taxonomy":"post_tag","embeddable":true,"href":"https:\/\/alpradio.com\/fr\/wp-json\/wp\/v2\/tags?post=9325"}],"curies":[{"name":"wp","href":"https:\/\/api.w.org\/{rel}","templated":true}]}}