{"id":9333,"date":"2019-03-20T22:27:50","date_gmt":"2019-03-20T21:27:50","guid":{"rendered":"http:\/\/alpradio.com\/fr\/?p=9333"},"modified":"2019-03-20T22:27:50","modified_gmt":"2019-03-20T21:27:50","slug":"bumblebees","status":"publish","type":"post","link":"https:\/\/alpradio.com\/fr\/bumblebees\/","title":{"rendered":"BUMBLEBEES"},"content":{"rendered":"<p>Apr\u00e8s la sortie de l\u2019EP \u00abPollination\u00bb en 2017, avec lequel le groupe <strong>Bumblebees<\/strong> (Zurich \/ Lausanne \/ Tessin) a d\u00e9coll\u00e9 dans l\u2019espace, leur premier album \u00abDancing Dots in the Dark\u00bb ram\u00e8ne nos cinq amis du n\u00e9o psych\u00e9d\u00e9lique \u00e0 nouveau sur Terre. \u00abDisappear Into The Sky\u00bb est le premier single de l\u2019album: un titre indie pop psych\u00e9d\u00e9lique explosif, dansant et r\u00eaveur.<\/p>\n<p>Les Bumblebees ont consacr\u00e9 une grande partie de l\u2019ann\u00e9e 2018 \u00e0 \u00e9crire leur premier album, \u00e0 le tester devant le public, \u00e0 l&rsquo;enregistrer dans son studio zurichois et \u00e0 le mixer \u00e0 Gen\u00e8ve chez Yvan Bing (Kitchen Studios). Le r\u00e9sultat est un sac rempli de morceaux produits dans la plus grande des finesses et avec un fort engagement de ces cinq Ragazzi du Tessin, qui se laissent entra\u00eener par le son tout comme la pluie se laisse entrainer par les points des \u00e9toiles dansantes.<\/p>\n<p><a href=\"http:\/\/www.bumblebees.ch\">www.bumblebees.ch<\/a><\/p>\n","protected":false},"excerpt":{"rendered":"<p>Apr\u00e8s la sortie de l\u2019EP \u00abPollination\u00bb en 2017, avec lequel le groupe Bumblebees (Zurich \/ Lausanne \/ Tessin) a d\u00e9coll\u00e9 dans l\u2019espace, leur premier album \u00abDancing Dots in the Dark\u00bb ram\u00e8ne nos cinq amis du n\u00e9o psych\u00e9d\u00e9lique \u00e0 nouveau sur Terre. \u00abDisappear Into The Sky\u00bb est le premier single de l\u2019album: un titre indie pop psych\u00e9d\u00e9lique explosif, dansant et r\u00eaveur. Les Bumblebees ont consacr\u00e9 une [&hellip;]<\/p>\n","protected":false},"author":2,"featured_media":9334,"comment_status":"open","ping_status":"closed","sticky":false,"template":"","format":"standard","meta":{"footnotes":""},"categories":[8],"tags":[],"class_list":["post-9333","post","type-post","status-publish","format-standard","has-post-thumbnail","hentry","category-entrees-en-playlist"],"_links":{"self":[{"href":"https:\/\/alpradio.com\/fr\/wp-json\/wp\/v2\/posts\/9333","targetHints":{"allow":["GET"]}}],"collection":[{"href":"https:\/\/alpradio.com\/fr\/wp-json\/wp\/v2\/posts"}],"about":[{"href":"https:\/\/alpradio.com\/fr\/wp-json\/wp\/v2\/types\/post"}],"author":[{"embeddable":true,"href":"https:\/\/alpradio.com\/fr\/wp-json\/wp\/v2\/users\/2"}],"replies":[{"embeddable":true,"href":"https:\/\/alpradio.com\/fr\/wp-json\/wp\/v2\/comments?post=9333"}],"version-history":[{"count":1,"href":"https:\/\/alpradio.com\/fr\/wp-json\/wp\/v2\/posts\/9333\/revisions"}],"predecessor-version":[{"id":9335,"href":"https:\/\/alpradio.com\/fr\/wp-json\/wp\/v2\/posts\/9333\/revisions\/9335"}],"wp:featuredmedia":[{"embeddable":true,"href":"https:\/\/alpradio.com\/fr\/wp-json\/wp\/v2\/media\/9334"}],"wp:attachment":[{"href":"https:\/\/alpradio.com\/fr\/wp-json\/wp\/v2\/media?parent=9333"}],"wp:term":[{"taxonomy":"category","embeddable":true,"href":"https:\/\/alpradio.com\/fr\/wp-json\/wp\/v2\/categories?post=9333"},{"taxonomy":"post_tag","embeddable":true,"href":"https:\/\/alpradio.com\/fr\/wp-json\/wp\/v2\/tags?post=9333"}],"curies":[{"name":"wp","href":"https:\/\/api.w.org\/{rel}","templated":true}]}}