{"id":9385,"date":"2019-04-27T21:30:36","date_gmt":"2019-04-27T20:30:36","guid":{"rendered":"http:\/\/alpradio.com\/fr\/?p=9385"},"modified":"2019-04-27T21:30:36","modified_gmt":"2019-04-27T20:30:36","slug":"abu","status":"publish","type":"post","link":"https:\/\/alpradio.com\/fr\/abu\/","title":{"rendered":"ABU"},"content":{"rendered":"<p>Quand vous parlez \u00e0 <strong>Abu<\/strong> de sa musique, vous r\u00e9alisez tr\u00e8s vite que c&rsquo;est une chose physique, des sentiments forts, de la douleur, des cicatrices et des moments de tension mais aussi de d\u00e9tente. Tous sont li\u00e9s \u00e0 la musique. Parce que la musique est sa forme d\u2019expression, son moyen de communication &#8211; mais aussi sa forme pour dialoguer avec lui-m\u00eame. Pendant des ann\u00e9es, Berner, \u00e2g\u00e9 de 38 ans, a principalement travaill\u00e9 dans le secteur de la musique en tant qu\u2019artiste-g\u00e9rant, agent de r\u00e9servation et roadie. Voulant toujours offrir aux autres l&rsquo;environnement parfait pour leur musique. Pendant ce temps, ses sens sont venus et ont disparu.<\/p>\n<p>En 2011, sorti de nulle part, il sort l&rsquo;album &lsquo;Earn And Seed&rsquo; et obtient un contrat avec le label majeur Universal. Il forme un groupe et effectue une tourn\u00e9e en Suisse et dans les pays voisins. Apr\u00e8s la sortie de &lsquo;Reset&rsquo; (2016), il a augment\u00e9 la production et ouvert le son, ce qui a conduit \u00e0 la sortie de &lsquo;Beautiful Waste&rsquo;, num\u00e9ro 8 dans le classement des films ind\u00e9pendants allemands, ayant d\u00e9j\u00e0 \u00e9t\u00e9 diffus\u00e9 plus de quatre millions de fois sur Spotify &#8211; un avant-go\u00fbt de ce que ses choeurs, son m\u00e9lange de production non conventionnelle et de flair infaillible peuvent faire.<\/p>\n<p>Maintenant, apr\u00e8s une longue recherche, de nombreux sketches de chansons abandonn\u00e9s et des collaborations interrompues, Abu est arriv\u00e9. \u00abOne Day\u00bb refl\u00e8te son potentiel et tout ce qui va arriver. Aujourd&rsquo;hui, la carri\u00e8re d&rsquo;Abu recommence.<\/p>\n<p><a href=\"http:\/\/www.abulism.com\">http:\/\/www.abulism.com<\/a><\/p>\n","protected":false},"excerpt":{"rendered":"<p>Quand vous parlez \u00e0 Abu de sa musique, vous r\u00e9alisez tr\u00e8s vite que c&rsquo;est une chose physique, des sentiments forts, de la douleur, des cicatrices et des moments de tension mais aussi de d\u00e9tente. Tous sont li\u00e9s \u00e0 la musique. Parce que la musique est sa forme d\u2019expression, son moyen de communication &#8211; mais aussi sa forme pour dialoguer avec lui-m\u00eame. Pendant des ann\u00e9es, Berner, [&hellip;]<\/p>\n","protected":false},"author":2,"featured_media":9386,"comment_status":"open","ping_status":"closed","sticky":false,"template":"","format":"standard","meta":{"footnotes":""},"categories":[8],"tags":[],"class_list":["post-9385","post","type-post","status-publish","format-standard","has-post-thumbnail","hentry","category-entrees-en-playlist"],"_links":{"self":[{"href":"https:\/\/alpradio.com\/fr\/wp-json\/wp\/v2\/posts\/9385","targetHints":{"allow":["GET"]}}],"collection":[{"href":"https:\/\/alpradio.com\/fr\/wp-json\/wp\/v2\/posts"}],"about":[{"href":"https:\/\/alpradio.com\/fr\/wp-json\/wp\/v2\/types\/post"}],"author":[{"embeddable":true,"href":"https:\/\/alpradio.com\/fr\/wp-json\/wp\/v2\/users\/2"}],"replies":[{"embeddable":true,"href":"https:\/\/alpradio.com\/fr\/wp-json\/wp\/v2\/comments?post=9385"}],"version-history":[{"count":1,"href":"https:\/\/alpradio.com\/fr\/wp-json\/wp\/v2\/posts\/9385\/revisions"}],"predecessor-version":[{"id":9387,"href":"https:\/\/alpradio.com\/fr\/wp-json\/wp\/v2\/posts\/9385\/revisions\/9387"}],"wp:featuredmedia":[{"embeddable":true,"href":"https:\/\/alpradio.com\/fr\/wp-json\/wp\/v2\/media\/9386"}],"wp:attachment":[{"href":"https:\/\/alpradio.com\/fr\/wp-json\/wp\/v2\/media?parent=9385"}],"wp:term":[{"taxonomy":"category","embeddable":true,"href":"https:\/\/alpradio.com\/fr\/wp-json\/wp\/v2\/categories?post=9385"},{"taxonomy":"post_tag","embeddable":true,"href":"https:\/\/alpradio.com\/fr\/wp-json\/wp\/v2\/tags?post=9385"}],"curies":[{"name":"wp","href":"https:\/\/api.w.org\/{rel}","templated":true}]}}