{"id":9393,"date":"2019-04-28T21:04:39","date_gmt":"2019-04-28T20:04:39","guid":{"rendered":"http:\/\/alpradio.com\/fr\/?p=9393"},"modified":"2019-04-28T21:19:03","modified_gmt":"2019-04-28T20:19:03","slug":"guillaume-stark","status":"publish","type":"post","link":"https:\/\/alpradio.com\/fr\/guillaume-stark\/","title":{"rendered":"GUILLAUME STARK"},"content":{"rendered":"<p>N\u00e9 dans les 80&rsquo;s \u00e0 Villars-Tiercelin, G-Stark grandit dans la \u00ab\u00a0Pop Music\u00a0\u00bb entour\u00e9 de ses parents chanteurs de bal. Il rencontre les fr\u00e8res Duke lors d&rsquo;une de leurs jam sessions de fin d&rsquo;ann\u00e9e. S\u00e9duits par son originalit\u00e9, ceux-ci lui proposent alors quelques riddims.<\/p>\n<p>\u00ab\u00a0Riding on my Bike\u00a0\u00bb est le titre \u00e9ponyme de l&rsquo;EP qui sortira cette ann\u00e9e sous le label Duke Production.<\/p>\n<p><a href=\"https:\/\/mx3.ch\/guillaumestark\">https:\/\/mx3.ch\/guillaumestark<\/a><\/p>\n","protected":false},"excerpt":{"rendered":"<p>N\u00e9 dans les 80&rsquo;s \u00e0 Villars-Tiercelin, G-Stark grandit dans la \u00ab\u00a0Pop Music\u00a0\u00bb entour\u00e9 de ses parents chanteurs de bal. Il rencontre les fr\u00e8res Duke lors d&rsquo;une de leurs jam sessions de fin d&rsquo;ann\u00e9e. S\u00e9duits par son originalit\u00e9, ceux-ci lui proposent alors quelques riddims. \u00ab\u00a0Riding on my Bike\u00a0\u00bb est le titre \u00e9ponyme de l&rsquo;EP qui sortira cette ann\u00e9e sous le label Duke Production. https:\/\/mx3.ch\/guillaumestark<\/p>\n","protected":false},"author":2,"featured_media":9394,"comment_status":"open","ping_status":"closed","sticky":false,"template":"","format":"standard","meta":{"footnotes":""},"categories":[8],"tags":[],"class_list":["post-9393","post","type-post","status-publish","format-standard","has-post-thumbnail","hentry","category-entrees-en-playlist"],"_links":{"self":[{"href":"https:\/\/alpradio.com\/fr\/wp-json\/wp\/v2\/posts\/9393","targetHints":{"allow":["GET"]}}],"collection":[{"href":"https:\/\/alpradio.com\/fr\/wp-json\/wp\/v2\/posts"}],"about":[{"href":"https:\/\/alpradio.com\/fr\/wp-json\/wp\/v2\/types\/post"}],"author":[{"embeddable":true,"href":"https:\/\/alpradio.com\/fr\/wp-json\/wp\/v2\/users\/2"}],"replies":[{"embeddable":true,"href":"https:\/\/alpradio.com\/fr\/wp-json\/wp\/v2\/comments?post=9393"}],"version-history":[{"count":4,"href":"https:\/\/alpradio.com\/fr\/wp-json\/wp\/v2\/posts\/9393\/revisions"}],"predecessor-version":[{"id":9404,"href":"https:\/\/alpradio.com\/fr\/wp-json\/wp\/v2\/posts\/9393\/revisions\/9404"}],"wp:featuredmedia":[{"embeddable":true,"href":"https:\/\/alpradio.com\/fr\/wp-json\/wp\/v2\/media\/9394"}],"wp:attachment":[{"href":"https:\/\/alpradio.com\/fr\/wp-json\/wp\/v2\/media?parent=9393"}],"wp:term":[{"taxonomy":"category","embeddable":true,"href":"https:\/\/alpradio.com\/fr\/wp-json\/wp\/v2\/categories?post=9393"},{"taxonomy":"post_tag","embeddable":true,"href":"https:\/\/alpradio.com\/fr\/wp-json\/wp\/v2\/tags?post=9393"}],"curies":[{"name":"wp","href":"https:\/\/api.w.org\/{rel}","templated":true}]}}