{"id":9398,"date":"2019-04-28T21:07:17","date_gmt":"2019-04-28T20:07:17","guid":{"rendered":"http:\/\/alpradio.com\/fr\/?p=9398"},"modified":"2019-04-28T21:07:17","modified_gmt":"2019-04-28T20:07:17","slug":"linda-vogel-3","status":"publish","type":"post","link":"https:\/\/alpradio.com\/fr\/linda-vogel-3\/","title":{"rendered":"LINDA VOGEL"},"content":{"rendered":"<p>La Zurichoise, qui a longtemps v\u00e9cu \u00e0 Londres, \u00e9tend la sonorit\u00e9 de son instrument en utilisant des p\u00e9dales d\u2019effet ainsi que des techniques de jeu tr\u00e8s vari\u00e9es. En collaboration avec le percussionniste Vincent Glanzmann et \u00e0 l&rsquo;aide des \u00ab\u00a0g\u00e2chettes\u00a0\u00bb qu&rsquo;elle a elle-m\u00eame con\u00e7ues, elle cr\u00e9e des sons et des ambiances marqu\u00e9s par une rythmique concise et flottante. Les extensions de la harpe qu&rsquo;elle a construites en permettent un maniement \u00e9lectro-acoustique propulsant cet ancien instrument dans un contexte neuf et in\u00e9cout\u00e9.<\/p>\n<p>Avec son nouvel album \u00ab\u00a0Maps To Others\u00a0\u00bb sorti le 26 avril, <strong>Linda Vogel<\/strong> nous emm\u00e8ne dans un voyage en un territoire ouvert et fr\u00e9missant. A l&rsquo;aide de sa harpe, de la batterie et de sa voix, elle peint son propre univers. Ses compositions et ses textes parlent de ses rencontres avec le monde et sont influenc\u00e9s par des \u00e9crivains tels que Bertolt Brecht, Fernando Pessoa ou John Donne.<\/p>\n<p>Les titres \u00ab\u00a0Saria\u00a0\u00bb, \u00ab Mother s never die\u00a0\u00bb, \u00ab\u00a0There are no problems only secrets\u00a0\u00bb et \u00ab\u00a0Linda Vogel &#8211; Let the dragon fly\u00a0\u00bb entrent en playlist !<\/p>\n<p><a href=\"http:\/\/www.lindavogel.ch\">www.lindavogel.ch<\/a><\/p>\n","protected":false},"excerpt":{"rendered":"<p>La Zurichoise, qui a longtemps v\u00e9cu \u00e0 Londres, \u00e9tend la sonorit\u00e9 de son instrument en utilisant des p\u00e9dales d\u2019effet ainsi que des techniques de jeu tr\u00e8s vari\u00e9es. En collaboration avec le percussionniste Vincent Glanzmann et \u00e0 l&rsquo;aide des \u00ab\u00a0g\u00e2chettes\u00a0\u00bb qu&rsquo;elle a elle-m\u00eame con\u00e7ues, elle cr\u00e9e des sons et des ambiances marqu\u00e9s par une rythmique concise et flottante. Les extensions de la harpe qu&rsquo;elle a construites [&hellip;]<\/p>\n","protected":false},"author":2,"featured_media":9399,"comment_status":"open","ping_status":"closed","sticky":false,"template":"","format":"standard","meta":{"footnotes":""},"categories":[8],"tags":[],"class_list":["post-9398","post","type-post","status-publish","format-standard","has-post-thumbnail","hentry","category-entrees-en-playlist"],"_links":{"self":[{"href":"https:\/\/alpradio.com\/fr\/wp-json\/wp\/v2\/posts\/9398","targetHints":{"allow":["GET"]}}],"collection":[{"href":"https:\/\/alpradio.com\/fr\/wp-json\/wp\/v2\/posts"}],"about":[{"href":"https:\/\/alpradio.com\/fr\/wp-json\/wp\/v2\/types\/post"}],"author":[{"embeddable":true,"href":"https:\/\/alpradio.com\/fr\/wp-json\/wp\/v2\/users\/2"}],"replies":[{"embeddable":true,"href":"https:\/\/alpradio.com\/fr\/wp-json\/wp\/v2\/comments?post=9398"}],"version-history":[{"count":1,"href":"https:\/\/alpradio.com\/fr\/wp-json\/wp\/v2\/posts\/9398\/revisions"}],"predecessor-version":[{"id":9400,"href":"https:\/\/alpradio.com\/fr\/wp-json\/wp\/v2\/posts\/9398\/revisions\/9400"}],"wp:featuredmedia":[{"embeddable":true,"href":"https:\/\/alpradio.com\/fr\/wp-json\/wp\/v2\/media\/9399"}],"wp:attachment":[{"href":"https:\/\/alpradio.com\/fr\/wp-json\/wp\/v2\/media?parent=9398"}],"wp:term":[{"taxonomy":"category","embeddable":true,"href":"https:\/\/alpradio.com\/fr\/wp-json\/wp\/v2\/categories?post=9398"},{"taxonomy":"post_tag","embeddable":true,"href":"https:\/\/alpradio.com\/fr\/wp-json\/wp\/v2\/tags?post=9398"}],"curies":[{"name":"wp","href":"https:\/\/api.w.org\/{rel}","templated":true}]}}