{"id":9401,"date":"2019-04-28T21:08:43","date_gmt":"2019-04-28T20:08:43","guid":{"rendered":"http:\/\/alpradio.com\/fr\/?p=9401"},"modified":"2019-04-28T21:08:43","modified_gmt":"2019-04-28T20:08:43","slug":"meimuna-2","status":"publish","type":"post","link":"https:\/\/alpradio.com\/fr\/meimuna-2\/","title":{"rendered":"MEIMUNA"},"content":{"rendered":"<p><strong>Meimuna<\/strong> est de retour dans la playlist d\u2019AlpRadio avec le premier single \u00ab\u00a0Au temps des coquillages\u00a0\u00bb du nouvel EP \u00ab\u00a0Amour\u00a0\u00bb qui sort le 31 mai \ud83d\ude42<\/p>\n<p>Il a suffit d\u2019un seul titre enregistr\u00e9 dans un coin de sa chambre pour que \u00ab Meimuna \u00bb se fasse une place sur les devants de la sc\u00e8ne suisse. En effet, apr\u00e8s avoir remport\u00e9 le prix de la Meilleure D\u00e9mo de l\u2019ann\u00e9e lors du concours suisse de la DemoTape Clinic 2017, le projet se retrouve rapidement relay\u00e9 sur les ondes et s\u00e9duit un public de plus en plus vaste. Sur sc\u00e8ne, en duo ou en quatuor, sa pop exp\u00e9rimentale et intimiste transporte les auditeurs dans un univers o\u00f9 la po\u00e9sie de chaque mot compte, et o\u00f9 les textures sonores plongent le public dans un doux r\u00eave partag\u00e9.<\/p>\n<p><a href=\"http:\/\/www.meimuna.ch\">www.meimuna.ch<\/a><\/p>\n","protected":false},"excerpt":{"rendered":"<p>Meimuna est de retour dans la playlist d\u2019AlpRadio avec le premier single \u00ab\u00a0Au temps des coquillages\u00a0\u00bb du nouvel EP \u00ab\u00a0Amour\u00a0\u00bb qui sort le 31 mai \ud83d\ude42 Il a suffit d\u2019un seul titre enregistr\u00e9 dans un coin de sa chambre pour que \u00ab Meimuna \u00bb se fasse une place sur les devants de la sc\u00e8ne suisse. En effet, apr\u00e8s avoir remport\u00e9 le prix de la Meilleure [&hellip;]<\/p>\n","protected":false},"author":2,"featured_media":9402,"comment_status":"open","ping_status":"closed","sticky":false,"template":"","format":"standard","meta":{"footnotes":""},"categories":[8],"tags":[],"class_list":["post-9401","post","type-post","status-publish","format-standard","has-post-thumbnail","hentry","category-entrees-en-playlist"],"_links":{"self":[{"href":"https:\/\/alpradio.com\/fr\/wp-json\/wp\/v2\/posts\/9401","targetHints":{"allow":["GET"]}}],"collection":[{"href":"https:\/\/alpradio.com\/fr\/wp-json\/wp\/v2\/posts"}],"about":[{"href":"https:\/\/alpradio.com\/fr\/wp-json\/wp\/v2\/types\/post"}],"author":[{"embeddable":true,"href":"https:\/\/alpradio.com\/fr\/wp-json\/wp\/v2\/users\/2"}],"replies":[{"embeddable":true,"href":"https:\/\/alpradio.com\/fr\/wp-json\/wp\/v2\/comments?post=9401"}],"version-history":[{"count":1,"href":"https:\/\/alpradio.com\/fr\/wp-json\/wp\/v2\/posts\/9401\/revisions"}],"predecessor-version":[{"id":9403,"href":"https:\/\/alpradio.com\/fr\/wp-json\/wp\/v2\/posts\/9401\/revisions\/9403"}],"wp:featuredmedia":[{"embeddable":true,"href":"https:\/\/alpradio.com\/fr\/wp-json\/wp\/v2\/media\/9402"}],"wp:attachment":[{"href":"https:\/\/alpradio.com\/fr\/wp-json\/wp\/v2\/media?parent=9401"}],"wp:term":[{"taxonomy":"category","embeddable":true,"href":"https:\/\/alpradio.com\/fr\/wp-json\/wp\/v2\/categories?post=9401"},{"taxonomy":"post_tag","embeddable":true,"href":"https:\/\/alpradio.com\/fr\/wp-json\/wp\/v2\/tags?post=9401"}],"curies":[{"name":"wp","href":"https:\/\/api.w.org\/{rel}","templated":true}]}}