{"id":9409,"date":"2019-05-07T19:45:24","date_gmt":"2019-05-07T18:45:24","guid":{"rendered":"http:\/\/alpradio.com\/fr\/?p=9409"},"modified":"2019-05-07T20:31:55","modified_gmt":"2019-05-07T19:31:55","slug":"renar","status":"publish","type":"post","link":"https:\/\/alpradio.com\/fr\/renar\/","title":{"rendered":"RENAR"},"content":{"rendered":"<p>Groupe genevois influenc\u00e9 par l&rsquo;identit\u00e9 visuelle de Tim Burton et Sergio Leone, \u00a0<strong>RENAR<\/strong> vous propose \u00e0 travers son univers fantasmagorique un cocktail explosif d&rsquo;ambiances et de couleurs o\u00f9 s&rsquo;invitent les fant\u00f4mes d&rsquo;Ennio Morricone et de Louise Attaque.<\/p>\n<p>Apr\u00e8s deux EP et plus de 80 dates en 2 ans, ils sortiront leur premier album le 12 septembre. Le single \u00ab\u00a0Le solitaire\u00a0\u00bb entre en playlist aujourd\u2019hui !<\/p>\n<p><a href=\"http:\/\/www.facebook.com\/renarmusic\/\">https:\/\/www.facebook.com\/renarmusic\/<\/a><\/p>\n","protected":false},"excerpt":{"rendered":"<p>Groupe genevois influenc\u00e9 par l&rsquo;identit\u00e9 visuelle de Tim Burton et Sergio Leone, \u00a0RENAR vous propose \u00e0 travers son univers fantasmagorique un cocktail explosif d&rsquo;ambiances et de couleurs o\u00f9 s&rsquo;invitent les fant\u00f4mes d&rsquo;Ennio Morricone et de Louise Attaque. Apr\u00e8s deux EP et plus de 80 dates en 2 ans, ils sortiront leur premier album le 12 septembre. Le single \u00ab\u00a0Le solitaire\u00a0\u00bb entre en playlist aujourd\u2019hui ! [&hellip;]<\/p>\n","protected":false},"author":2,"featured_media":9410,"comment_status":"open","ping_status":"closed","sticky":false,"template":"","format":"standard","meta":{"footnotes":""},"categories":[8],"tags":[],"class_list":["post-9409","post","type-post","status-publish","format-standard","has-post-thumbnail","hentry","category-entrees-en-playlist"],"_links":{"self":[{"href":"https:\/\/alpradio.com\/fr\/wp-json\/wp\/v2\/posts\/9409","targetHints":{"allow":["GET"]}}],"collection":[{"href":"https:\/\/alpradio.com\/fr\/wp-json\/wp\/v2\/posts"}],"about":[{"href":"https:\/\/alpradio.com\/fr\/wp-json\/wp\/v2\/types\/post"}],"author":[{"embeddable":true,"href":"https:\/\/alpradio.com\/fr\/wp-json\/wp\/v2\/users\/2"}],"replies":[{"embeddable":true,"href":"https:\/\/alpradio.com\/fr\/wp-json\/wp\/v2\/comments?post=9409"}],"version-history":[{"count":2,"href":"https:\/\/alpradio.com\/fr\/wp-json\/wp\/v2\/posts\/9409\/revisions"}],"predecessor-version":[{"id":9424,"href":"https:\/\/alpradio.com\/fr\/wp-json\/wp\/v2\/posts\/9409\/revisions\/9424"}],"wp:featuredmedia":[{"embeddable":true,"href":"https:\/\/alpradio.com\/fr\/wp-json\/wp\/v2\/media\/9410"}],"wp:attachment":[{"href":"https:\/\/alpradio.com\/fr\/wp-json\/wp\/v2\/media?parent=9409"}],"wp:term":[{"taxonomy":"category","embeddable":true,"href":"https:\/\/alpradio.com\/fr\/wp-json\/wp\/v2\/categories?post=9409"},{"taxonomy":"post_tag","embeddable":true,"href":"https:\/\/alpradio.com\/fr\/wp-json\/wp\/v2\/tags?post=9409"}],"curies":[{"name":"wp","href":"https:\/\/api.w.org\/{rel}","templated":true}]}}