{"id":9419,"date":"2019-05-07T19:53:48","date_gmt":"2019-05-07T18:53:48","guid":{"rendered":"http:\/\/alpradio.com\/fr\/?p=9419"},"modified":"2019-05-07T19:53:48","modified_gmt":"2019-05-07T18:53:48","slug":"northfolk","status":"publish","type":"post","link":"https:\/\/alpradio.com\/fr\/northfolk\/","title":{"rendered":"NORTHFOLK"},"content":{"rendered":"<p>La musique de <strong>Northfolk<\/strong> se d\u00e9finit par la simplicit\u00e9 d\u2019un songwriting guitare acoustique\/voix agr\u00e9ment\u00e9e d&rsquo;arrangements m\u00e9lodiques ou rythmiques des plus \u00e9pur\u00e9s.<\/p>\n<p>Berc\u00e9e par une certaine m\u00e9lancolie, puis\u00e9e dans la folk\/country des grands de l\u2019\u00e9poque ( N. Young, J.Cash ou encore L. Cohen), elle s\u2019inspire aussi de la nouvelle g\u00e9n\u00e9ration qui fait revivre ce genre (Bon Iver, Syd Matters ou Eddie Vedder) afin de parfaire son cheminement musical et introspectif.<\/p>\n<p>Avec un EP 5 titres en pr\u00e9paration pr\u00e9vu pour le mois d\u2019octobre, Northfolk vous pr\u00e9sente d\u00e9j\u00e0 le premier single \u00ab\u00a0I\u2019ll be fine\u00a0\u00bb qui entre dans notre playlist et aussi un clip \u00e0 voir ici : <a href=\"https:\/\/www.youtube.com\/watch?v=U1A0cxMDWbM&amp;feature=youtu.be\" target=\"_blank\" rel=\"noopener\">ici<\/a> \ud83d\ude42<\/p>\n<p><a href=\"https:\/\/northfolk.ch\/\">https:\/\/northfolk.ch\/<\/a><\/p>\n","protected":false},"excerpt":{"rendered":"<p>La musique de Northfolk se d\u00e9finit par la simplicit\u00e9 d\u2019un songwriting guitare acoustique\/voix agr\u00e9ment\u00e9e d&rsquo;arrangements m\u00e9lodiques ou rythmiques des plus \u00e9pur\u00e9s. Berc\u00e9e par une certaine m\u00e9lancolie, puis\u00e9e dans la folk\/country des grands de l\u2019\u00e9poque ( N. Young, J.Cash ou encore L. Cohen), elle s\u2019inspire aussi de la nouvelle g\u00e9n\u00e9ration qui fait revivre ce genre (Bon Iver, Syd Matters ou Eddie Vedder) afin de parfaire son [&hellip;]<\/p>\n","protected":false},"author":2,"featured_media":9420,"comment_status":"open","ping_status":"closed","sticky":false,"template":"","format":"standard","meta":{"footnotes":""},"categories":[8],"tags":[],"class_list":["post-9419","post","type-post","status-publish","format-standard","has-post-thumbnail","hentry","category-entrees-en-playlist"],"_links":{"self":[{"href":"https:\/\/alpradio.com\/fr\/wp-json\/wp\/v2\/posts\/9419","targetHints":{"allow":["GET"]}}],"collection":[{"href":"https:\/\/alpradio.com\/fr\/wp-json\/wp\/v2\/posts"}],"about":[{"href":"https:\/\/alpradio.com\/fr\/wp-json\/wp\/v2\/types\/post"}],"author":[{"embeddable":true,"href":"https:\/\/alpradio.com\/fr\/wp-json\/wp\/v2\/users\/2"}],"replies":[{"embeddable":true,"href":"https:\/\/alpradio.com\/fr\/wp-json\/wp\/v2\/comments?post=9419"}],"version-history":[{"count":1,"href":"https:\/\/alpradio.com\/fr\/wp-json\/wp\/v2\/posts\/9419\/revisions"}],"predecessor-version":[{"id":9421,"href":"https:\/\/alpradio.com\/fr\/wp-json\/wp\/v2\/posts\/9419\/revisions\/9421"}],"wp:featuredmedia":[{"embeddable":true,"href":"https:\/\/alpradio.com\/fr\/wp-json\/wp\/v2\/media\/9420"}],"wp:attachment":[{"href":"https:\/\/alpradio.com\/fr\/wp-json\/wp\/v2\/media?parent=9419"}],"wp:term":[{"taxonomy":"category","embeddable":true,"href":"https:\/\/alpradio.com\/fr\/wp-json\/wp\/v2\/categories?post=9419"},{"taxonomy":"post_tag","embeddable":true,"href":"https:\/\/alpradio.com\/fr\/wp-json\/wp\/v2\/tags?post=9419"}],"curies":[{"name":"wp","href":"https:\/\/api.w.org\/{rel}","templated":true}]}}