{"id":9491,"date":"2020-01-31T23:24:44","date_gmt":"2020-01-31T22:24:44","guid":{"rendered":"http:\/\/alpradio.com\/fr\/?p=9491"},"modified":"2020-01-31T23:26:06","modified_gmt":"2020-01-31T22:26:06","slug":"cest-la-fin","status":"publish","type":"post","link":"https:\/\/alpradio.com\/fr\/cest-la-fin\/","title":{"rendered":"C&rsquo;est la fin&#8230;"},"content":{"rendered":"\n<p>[ C&rsquo;EST LA FIN \ud83d\ude2d\n ] Comme vous le savez certainement, depuis mars 2019 AlpRadio est \nrevenue \u00e0 une formule enti\u00e8rement bas\u00e9e sur la diffusion de musique \nd\u2019artistes suisses 24h\/24. 2020 est l\u00e0 et on aime vraiment pas les au \nrevoir :\u2019( Apr\u00e8s presque 12 ans d\u2019existence, AlpRadio va malheureusement\n s\u2019\u00e9teindre d\u00e9finitivement.<\/p>\n\n\n\n<p>Nous avons v\u00e9cu des moments  incroyables au sein de cette magnifique aventure et pour cela, nous vous  donnons rendez-vous ce soir sur <a rel=\"noreferrer noopener\" href=\"https:\/\/www.vibration108.ch\/player\/alpradio\/?fbclid=IwAR3REO-njXYOhAplTvGNs4FpQbA7NMhlMy6OmDjHp319udkhtvdaUJ5lUnE\" target=\"_blank\">https:\/\/www.vibration108.ch\/player\/alpradio\/<\/a>  dans les alentours de 18h30-45 pour partager avec vous une derni\u00e8re  \u00e9mission et boucler cette grande boucle avec beaucoup d\u2019\u00e9motions\u2026 Nous  reviendrons sur des anecdotes de ce beau parcours et nous f\u00eaterons la  der\u2019 tr\u00e8s simplement. C\u2019est une grande page qui se tourne pour notre  \u00e9quipe, pour l\u2019entit\u00e9 AlpRadio.<\/p>\n\n\n\n<p>Nous remercions ces p\u00e9pites  musicales de nous avoir partag\u00e9 de si bons sons et de si beaux moments.  Nous remercions toutes les personnes qui nous ont faites confiance, les  festivals, les associations, les artistes et surtout VOUS pour l\u2019int\u00e9r\u00eat  et la fid\u00e9lit\u00e9 durant toutes ces ann\u00e9es.<\/p>\n\n\n\n<p> On vous rappelle notre rebondissement avec le webzine d\u00e9di\u00e9 \u00e0 la sc\u00e8ne et \u00e0 la culture suisse,  L\u2019Ecoutologue (<a href=\"https:\/\/ecoutologue.ch\/?fbclid=IwAR3dzOCfBqnIUGXd-PxldzX1ufWetknz-nstfhzEJxshOAU2iPEnMiLO0fw\" target=\"_blank\" rel=\"noreferrer noopener\">https:\/\/ecoutologue.ch<\/a>).\n Notre amour pour la sc\u00e8ne suisse ne s\u2019arr\u00eate \u00e9videment pas l\u00e0. Une \npartie de l\u2019\u00e9quipe d\u2019AlpRadio a lanc\u00e9 depuis presque une ann\u00e9e cette \nplateforme pour rappeler \u00e0 quel point la musique en suisse est riche et \nqu\u2019elle m\u00e9rite sinc\u00e8rement qu\u2019on la fasse connaitre, plus que jamais.<\/p>\n\n\n\n<p> C\u2019est avec le coeur gros que l\u2019on dit au revoir \u00e0 AlpRadio, ce projet  qu\u2019on aime tant. Mais notre passion pour la musique grandira toujours.<\/p>\n","protected":false},"excerpt":{"rendered":"<p>[ C&rsquo;EST LA FIN \ud83d\ude2d ] Comme vous le savez certainement, depuis mars 2019 AlpRadio est revenue \u00e0 une formule enti\u00e8rement bas\u00e9e sur la diffusion de musique d\u2019artistes suisses 24h\/24. 2020 est l\u00e0 et on aime vraiment pas les au revoir :\u2019( Apr\u00e8s presque 12 ans d\u2019existence, AlpRadio va malheureusement s\u2019\u00e9teindre d\u00e9finitivement. Nous avons v\u00e9cu des moments incroyables au sein de cette magnifique aventure et [&hellip;]<\/p>\n","protected":false},"author":2,"featured_media":9492,"comment_status":"open","ping_status":"closed","sticky":false,"template":"","format":"standard","meta":{"footnotes":""},"categories":[3],"tags":[],"class_list":["post-9491","post","type-post","status-publish","format-standard","has-post-thumbnail","hentry","category-quoi-de-neuf"],"_links":{"self":[{"href":"https:\/\/alpradio.com\/fr\/wp-json\/wp\/v2\/posts\/9491","targetHints":{"allow":["GET"]}}],"collection":[{"href":"https:\/\/alpradio.com\/fr\/wp-json\/wp\/v2\/posts"}],"about":[{"href":"https:\/\/alpradio.com\/fr\/wp-json\/wp\/v2\/types\/post"}],"author":[{"embeddable":true,"href":"https:\/\/alpradio.com\/fr\/wp-json\/wp\/v2\/users\/2"}],"replies":[{"embeddable":true,"href":"https:\/\/alpradio.com\/fr\/wp-json\/wp\/v2\/comments?post=9491"}],"version-history":[{"count":1,"href":"https:\/\/alpradio.com\/fr\/wp-json\/wp\/v2\/posts\/9491\/revisions"}],"predecessor-version":[{"id":9493,"href":"https:\/\/alpradio.com\/fr\/wp-json\/wp\/v2\/posts\/9491\/revisions\/9493"}],"wp:featuredmedia":[{"embeddable":true,"href":"https:\/\/alpradio.com\/fr\/wp-json\/wp\/v2\/media\/9492"}],"wp:attachment":[{"href":"https:\/\/alpradio.com\/fr\/wp-json\/wp\/v2\/media?parent=9491"}],"wp:term":[{"taxonomy":"category","embeddable":true,"href":"https:\/\/alpradio.com\/fr\/wp-json\/wp\/v2\/categories?post=9491"},{"taxonomy":"post_tag","embeddable":true,"href":"https:\/\/alpradio.com\/fr\/wp-json\/wp\/v2\/tags?post=9491"}],"curies":[{"name":"wp","href":"https:\/\/api.w.org\/{rel}","templated":true}]}}